{"id":639,"date":"2020-04-27T10:23:09","date_gmt":"2020-04-27T13:23:09","guid":{"rendered":"http:\/\/190.64.148.139\/rieh\/?p=639"},"modified":"2020-04-27T10:26:46","modified_gmt":"2020-04-27T13:26:46","slug":"aliento-para-nuestros-territorios-un-encuentro-internacional-sobre-el-desarrollo-local-participativo","status":"publish","type":"post","link":"https:\/\/www.riehlatinoamerica.org\/index.php\/2020\/04\/27\/aliento-para-nuestros-territorios-un-encuentro-internacional-sobre-el-desarrollo-local-participativo\/","title":{"rendered":"&#8220;Aliento para nuestros territorios&#8221;: un encuentro internacional sobre el desarrollo local participativo"},"content":{"rendered":"<div id=\"pl-639\"  class=\"panel-layout\" ><div id=\"pg-639-0\"  class=\"panel-grid panel-no-style\" ><div id=\"pgc-639-0-0\"  class=\"panel-grid-cell\" ><div id=\"panel-639-0-0-0\" class=\"so-panel widget widget_sow-editor panel-first-child panel-last-child\" data-index=\"0\" ><div\n\t\t\t\n\t\t\tclass=\"so-widget-sow-editor so-widget-sow-editor-base\"\n\t\t\t\n\t\t>\n<div class=\"siteorigin-widget-tinymce textwidget\">\n\t<h3>\"Aliento para nuestros territorios\": un encuentro internacional sobre el desarrollo local participativo en Breta\u00f1a. 14-15 junio 2018<\/h3>\n<p>En todo el mundo, las personas que viven en territorios donde las dificultades de vivir bien se acumulan act\u00faan colectivamente para no someterse y tomar su destino en sus propias manos.<\/p>\n<div class=\"col_2 last\">\n<p><strong>Los\u00a0representantes\u00a0electos\u00a0de la\u00a0comunidad\u00a0Le Men\u00e9<\/strong>\u00a0y de la\u00a0Red\u00a0internacional\u00a0para la\u00a0econom\u00eda\u00a0humana\u00a0(RIEH)\u00a0proponen\u00a0<strong>una\u00a0reuni\u00f3n\u00a0internacional los 14 y 15 de\u00a0junio\u00a0de 2018 en\u00a0Breta\u00f1a<\/strong>, en el\u00a0territorio\u00a0del\u00a0Men\u00e9, para\u00a0intercambiar\u00a0y\u00a0analizar\u00a0las\u00a0experiencias\u00a0de\u00a0cada\u00a0uno,\u00a0convencidos\u00a0de que\u00a0podemos\u00a0aprender\u00a0unos\u00a0de\u00a0otros.<\/p>\n<\/div>\n<p>En Gao (Mal\u00ed), la poblaci\u00f3n se enfrenta a la conjunci\u00f3n de dos grandes problemas: la seguridad, ya que el \u00e1rea ha sido ocupada por varios meses por jihadistas e independentistas y la pobredad. Las asociaciones se movilizan por la paz y la respuesta a las necesidades de la poblaci\u00f3n.<\/p>\n<p>En Tamil Nadu, los trabajadores agr\u00edcolas y las mujeres, que son v\u00edctimas de discriminaci\u00f3nes como dalits (intocables), se est\u00e1n educando, reivindicando sus derechos, abordando la justicia, levantando proyectos que generan ingresos.<\/p>\n<p>En las afueras de Lima, Per\u00fa, los habitantes de Villa el Salvador, un barrio informal, se est\u00e1n organizando para establecer servicios p\u00fablicos.<\/p>\n<p>En el centro de Breta\u00f1a, un territorio, le Men\u00e9, amenazado de desertificaci\u00f3n, se niega a morir, toma el control lanzando sucesivas din\u00e1micas de desarrollo end\u00f3geno y participativo.<\/p>\n<p>En Benin, el centro Songhai ha demostrado que la productividad agr\u00edcola y la restauraci\u00f3n ambiental se pueden conciliar mediante la organizaci\u00f3n de un sistema integrado que combine la cultura, la ganader\u00eda y la piscicultura, el reciclaje de desechos y las aguas residuales, produciendo su propia energ\u00eda, organizando la industria entera con el proceso y la comercializaci\u00f3n. Tambi\u00e9n es un centro de investigaci\u00f3n y formaci\u00f3n.<\/p>\n<p>Todos estos grupos tienen en com\u00fan una visi\u00f3n del hombre llamado a vivir dignamente, en sociedades solidarias, en armon\u00eda con lo vivo.<\/p>\n<p>Junto con invitados de diferentes continentes, buscaremos atravesar nuestras experiencias para definir las condiciones de cambio de modelo de desarrollo de un territorio que se basa en la din\u00e1mica colectiva local.<\/p>\n<p>La reuni\u00f3n se nutrir\u00e1 de los talleres de los participantes, de los conferencistas internacionales y de las reflexiones comunes.<\/p>\n<\/div>\n<\/div><\/div><\/div><\/div><\/div>","protected":false},"excerpt":{"rendered":"<p>&#8220;Aliento para nuestros territorios&#8221;: un encuentro internacional sobre el desarrollo local participativo en Breta\u00f1a. 14-15 junio 2018 En todo el mundo, las personas que viven en territorios donde las dificultades &hellip; <\/p>\n","protected":false},"author":2,"featured_media":640,"comment_status":"open","ping_status":"closed","sticky":false,"template":"","format":"standard","meta":{"_bbp_topic_count":0,"_bbp_reply_count":0,"_bbp_total_topic_count":0,"_bbp_total_reply_count":0,"_bbp_voice_count":0,"_bbp_anonymous_reply_count":0,"_bbp_topic_count_hidden":0,"_bbp_reply_count_hidden":0,"_bbp_forum_subforum_count":0,"spay_email":"","_links_to":"","_links_to_target":""},"categories":[37,45,39],"tags":[],"jetpack_featured_media_url":"https:\/\/www.riehlatinoamerica.org\/wp-content\/uploads\/2020\/04\/Aliento.png","_links":{"self":[{"href":"https:\/\/www.riehlatinoamerica.org\/index.php\/wp-json\/wp\/v2\/posts\/639"}],"collection":[{"href":"https:\/\/www.riehlatinoamerica.org\/index.php\/wp-json\/wp\/v2\/posts"}],"about":[{"href":"https:\/\/www.riehlatinoamerica.org\/index.php\/wp-json\/wp\/v2\/types\/post"}],"author":[{"embeddable":true,"href":"https:\/\/www.riehlatinoamerica.org\/index.php\/wp-json\/wp\/v2\/users\/2"}],"replies":[{"embeddable":true,"href":"https:\/\/www.riehlatinoamerica.org\/index.php\/wp-json\/wp\/v2\/comments?post=639"}],"version-history":[{"count":1,"href":"https:\/\/www.riehlatinoamerica.org\/index.php\/wp-json\/wp\/v2\/posts\/639\/revisions"}],"predecessor-version":[{"id":641,"href":"https:\/\/www.riehlatinoamerica.org\/index.php\/wp-json\/wp\/v2\/posts\/639\/revisions\/641"}],"wp:featuredmedia":[{"embeddable":true,"href":"https:\/\/www.riehlatinoamerica.org\/index.php\/wp-json\/wp\/v2\/media\/640"}],"wp:attachment":[{"href":"https:\/\/www.riehlatinoamerica.org\/index.php\/wp-json\/wp\/v2\/media?parent=639"}],"wp:term":[{"taxonomy":"category","embeddable":true,"href":"https:\/\/www.riehlatinoamerica.org\/index.php\/wp-json\/wp\/v2\/categories?post=639"},{"taxonomy":"post_tag","embeddable":true,"href":"https:\/\/www.riehlatinoamerica.org\/index.php\/wp-json\/wp\/v2\/tags?post=639"}],"curies":[{"name":"wp","href":"https:\/\/api.w.org\/{rel}","templated":true}]}}