{"id":651,"date":"2020-04-27T10:50:10","date_gmt":"2020-04-27T13:50:10","guid":{"rendered":"http:\/\/190.64.148.139\/rieh\/?p=651"},"modified":"2020-04-27T10:51:56","modified_gmt":"2020-04-27T13:51:56","slug":"descripcion-metodologica-de-la-red-de-economia-humana-uruguay","status":"publish","type":"post","link":"https:\/\/www.riehlatinoamerica.org\/index.php\/2020\/04\/27\/descripcion-metodologica-de-la-red-de-economia-humana-uruguay\/","title":{"rendered":"Descripci\u00f3n metodol\u00f3gica de la Red de Econom\u00eda Humana \u2013 Uruguay"},"content":{"rendered":"<div id=\"pl-651\"  class=\"panel-layout\" ><div id=\"pg-651-0\"  class=\"panel-grid panel-no-style\" ><div id=\"pgc-651-0-0\"  class=\"panel-grid-cell\" ><div id=\"panel-651-0-0-0\" class=\"so-panel widget widget_sow-editor panel-first-child panel-last-child\" data-index=\"0\" ><div\n\t\t\t\n\t\t\tclass=\"so-widget-sow-editor so-widget-sow-editor-base\"\n\t\t\t\n\t\t>\n<div class=\"siteorigin-widget-tinymce textwidget\">\n\t<div class=\"texte_small\">\n<div class=\"bloc_titre test\">\n<h2><span style=\"font-size: 16px;\">Nuestra Red ha realizado un camino hacia la consolidaci\u00f3n desde 2017 hasta ahora.\u00a0<\/span><\/h2>\n<\/div>\n<\/div>\n<div class=\"htmlarea_content\">\n<p>Se \u200b<strong>inici\u00f3<\/strong>\u200b con un\u200b\u00a0<strong>Coordinador nacional\u200b\u00a0<\/strong>que fue elaborando una base de datos de posibles interesados en participar de una Red para conocer y aplicar los postulados propuestos por J.L.Lebret y su vigencia hoy.<\/p>\n<p>\u200bInicialmente fueron alrededor de 50 personas. Hoy son m\u00e1s de 150.<\/p>\n<p>Se fueron descubriendo integrantes con m\u00e1s ganas de\u00a0<strong>\u200bparticipar activamente<\/strong>\u200b. Con estos conformamos actualmente un \u200b<strong>grupo\u200b \u200bde 7 personas\u200b<\/strong>\u00a0que se re\u00fanen peri\u00f3dicamente.<\/p>\n<p>Estamos pensando que cada miembro del grupo \u200bse\u00a0<strong>especialice en alg\u00fan \u00e1rea espec\u00edfica.\u00a0<\/strong>Por ejemplo: comunicaci\u00f3n, empresa, salud, educaci\u00f3n, etc.<\/p>\n<p>Se realizan \u200b<strong>foros<\/strong>\u200b sobre diferentes \u00e1reas tem\u00e1ticas, por ejemplo: \u00c9tica y Econom\u00eda, Ecolog\u00eda.<\/p>\n<p>Convocamos a actores de la sociedad civil que consideramos que hacen cosas de valor en la l\u00ednea de la Econom\u00eda Humana. En esta l\u00ednea realizamos dos \u200b<strong>eventos<\/strong>\u200b:<\/p>\n<p>Uno presentando diferentes experiencias conocidas por los miembros conteniendo elementos de Econom\u00eda Humana y otro sobre \u201cEmpresas para una Econom\u00eda Humana\u201d en la cual tres empresas de diferente tipo presentaron sus experiencias.<\/p>\n<p>Incentivamos la elaboraci\u00f3n de<strong>\u00a0\u200bmonograf\u00edas\u200b \u200bde ejemplos de terreno\u200b<\/strong>, para difundir y debatir temas que est\u00e9n vinculados con la Econom\u00eda Humana. Seguiremos<strong>\u00a0descubriendo emprendimientos\u200b<\/strong>\u00a0en esta l\u00ednea para darlos a conocer, colaborar con ellos, incorporarlos a nuestro movimiento.<\/p>\n<p>Estamos estableciendo \u200b<strong>alianzas<\/strong>\u200b con organizaciones afines. Por ejemplo coordinadoras de cooperativas, asociaciones empresariales, coordinadoras de ONGs, universidades y otros centros de estudio y documentaci\u00f3n.<\/p>\n<p>Tambi\u00e9n se propone la <strong>\u200bcoordinaci\u00f3n con instituciones similares\u200b\u00a0<\/strong>de pa\u00edses de la regi\u00f3n. Se participar\u00e1 con presencia y ponencias en \u200b<strong>encuentros internacionales\u200b<\/strong>vinculados a la Econom\u00eda Humana.<\/p>\n<p>Las <strong>\u200bformas de comunicaci\u00f3n\u200b\u00a0<\/strong>son varias:<\/p>\n<ul>\n<li>\u00a0A trav\u00e9s del\u00a0<strong>\u200bemail<\/strong>\u00a0\u200benviamos de forma peri\u00f3dica textos vinculados, experiencias presentadas, llamado a eventos, convocatoria a foros de nuestra Red, etc.<\/li>\n<li>A trav\u00e9s de las\u00a0<strong>\u200bredes sociales<\/strong>\u200b, Linkedin, Facebook, para difundir eventos y documentos generales.<\/li>\n<li>A\u00a0trav\u00e9s de<strong>\u00a0\u200bWhatsapp\u200b<\/strong>, para intercambiar ideas con el grupo m\u00e1s comprometido.<\/li>\n<li>A trav\u00e9s de la \u200b<strong>prensa escrita\u200b\u00a0<\/strong>para difundir eventos y documentos vinculados a la Econom\u00eda Humana<\/li>\n<\/ul>\n<\/div>\n<\/div>\n<\/div><\/div><\/div><\/div><\/div>","protected":false},"excerpt":{"rendered":"<p>Nuestra Red ha realizado un camino hacia la consolidaci\u00f3n desde 2017 hasta ahora.\u00a0 Se \u200binici\u00f3\u200b con un\u200b\u00a0Coordinador nacional\u200b\u00a0que fue elaborando una base de datos de posibles interesados en participar de &hellip; <\/p>\n","protected":false},"author":2,"featured_media":650,"comment_status":"open","ping_status":"open","sticky":false,"template":"","format":"standard","meta":{"_bbp_topic_count":0,"_bbp_reply_count":0,"_bbp_total_topic_count":0,"_bbp_total_reply_count":0,"_bbp_voice_count":0,"_bbp_anonymous_reply_count":0,"_bbp_topic_count_hidden":0,"_bbp_reply_count_hidden":0,"_bbp_forum_subforum_count":0,"spay_email":"","_links_to":"","_links_to_target":""},"categories":[37,39],"tags":[],"jetpack_featured_media_url":"https:\/\/www.riehlatinoamerica.org\/wp-content\/uploads\/2020\/04\/UruguayMetodolog\u00eda.jpg","_links":{"self":[{"href":"https:\/\/www.riehlatinoamerica.org\/index.php\/wp-json\/wp\/v2\/posts\/651"}],"collection":[{"href":"https:\/\/www.riehlatinoamerica.org\/index.php\/wp-json\/wp\/v2\/posts"}],"about":[{"href":"https:\/\/www.riehlatinoamerica.org\/index.php\/wp-json\/wp\/v2\/types\/post"}],"author":[{"embeddable":true,"href":"https:\/\/www.riehlatinoamerica.org\/index.php\/wp-json\/wp\/v2\/users\/2"}],"replies":[{"embeddable":true,"href":"https:\/\/www.riehlatinoamerica.org\/index.php\/wp-json\/wp\/v2\/comments?post=651"}],"version-history":[{"count":1,"href":"https:\/\/www.riehlatinoamerica.org\/index.php\/wp-json\/wp\/v2\/posts\/651\/revisions"}],"predecessor-version":[{"id":652,"href":"https:\/\/www.riehlatinoamerica.org\/index.php\/wp-json\/wp\/v2\/posts\/651\/revisions\/652"}],"wp:featuredmedia":[{"embeddable":true,"href":"https:\/\/www.riehlatinoamerica.org\/index.php\/wp-json\/wp\/v2\/media\/650"}],"wp:attachment":[{"href":"https:\/\/www.riehlatinoamerica.org\/index.php\/wp-json\/wp\/v2\/media?parent=651"}],"wp:term":[{"taxonomy":"category","embeddable":true,"href":"https:\/\/www.riehlatinoamerica.org\/index.php\/wp-json\/wp\/v2\/categories?post=651"},{"taxonomy":"post_tag","embeddable":true,"href":"https:\/\/www.riehlatinoamerica.org\/index.php\/wp-json\/wp\/v2\/tags?post=651"}],"curies":[{"name":"wp","href":"https:\/\/api.w.org\/{rel}","templated":true}]}}