{"id":671,"date":"2020-04-27T11:22:14","date_gmt":"2020-04-27T14:22:14","guid":{"rendered":"http:\/\/190.64.148.139\/rieh\/?p=671"},"modified":"2020-04-27T11:22:54","modified_gmt":"2020-04-27T14:22:54","slug":"la-globalizacion-urge-armonizar-los-intereses-empresariales-y-ciudadanos","status":"publish","type":"post","link":"https:\/\/www.riehlatinoamerica.org\/index.php\/2020\/04\/27\/la-globalizacion-urge-armonizar-los-intereses-empresariales-y-ciudadanos\/","title":{"rendered":"La globalizaci\u00f3n: urge armonizar los intereses empresariales y ciudadanos"},"content":{"rendered":"<div id=\"pl-671\"  class=\"panel-layout\" ><div id=\"pg-671-0\"  class=\"panel-grid panel-no-style\" ><div id=\"pgc-671-0-0\"  class=\"panel-grid-cell\" ><div id=\"panel-671-0-0-0\" class=\"so-panel widget widget_sow-editor panel-first-child panel-last-child\" data-index=\"0\" ><div\n\t\t\t\n\t\t\tclass=\"so-widget-sow-editor so-widget-sow-editor-base\"\n\t\t\t\n\t\t>\n<div class=\"siteorigin-widget-tinymce textwidget\">\n\t<div class=\"texte_small\">\n<div class=\"bloc_titre test\">\n<h2>Entrevista a Michel Azcueta<span class=\"colorcat_2265\">\u00a0<\/span><\/h2>\n<\/div>\n<\/div>\n<div class=\"htmlarea_content\">\n<p>Extracto de la entrevista realizada por Rogelio Or\u00e9 a Michel Azcueta, incluida en el libro: LA REVOLUCI\u00d3N SILENCIOSA. Proyectos y personas que forjan la responsabilidad social.<\/p>\n<p>Michel\u00a0Azcueta,\u00a0maestro y\u00a0pol\u00edtico\u00a0espa\u00f1ol\u00a0nacionalizado\u00a0peruano es un referente de la RIEH<\/p>\n<h3><strong>Respecto a la llamada globalizaci\u00f3n: \u00bfqu\u00e9 opinas del actual modelo?<\/strong><\/h3>\n<p>Yo siempre distingo entre dos matices distintos: hay un proceso de universalizaci\u00f3n que considero un fen\u00f3meno altamente positivo, si se entiende como la idea de: el planeta como nuestra casa. \u00bfC\u00f3mo no voy a querer eso? Ojal\u00e1 que se avance m\u00e1s en este sentido. Pero, la universalizaci\u00f3n es diferente de la globalizaci\u00f3n econ\u00f3mica, que est\u00e1 controlada por una minor\u00eda individualista y ego\u00edsta a nivel mundial. Yo creo que son dos caras distintas. La globalizaci\u00f3n financiera la seguimos viviendo y lamentablemente est\u00e1 generando casi dos especies humanas: los que gobiernan y mandan, y los otros que est\u00e1n absolutamente marginados. Esa palabra que viene de los a\u00f1os sesenta y que ya no se usa tanto, pero que sirve para definir a miles de millones de seres humanos que no cuentan con nada y no significan nada.<\/p>\n<p>\u00bfA d\u00f3nde vamos? Dentro de poco entre cuatro gatos van a producir y vender, \u00bfy los dem\u00e1s qu\u00e9? Hay un ego\u00edsmo feroz, una apropiaci\u00f3n de las riquezas por una minor\u00eda cada vez m\u00e1s peque\u00f1a a nivel mundial, pero con ramificaciones en todos los pa\u00edses. Por otro lado, hay muchos aspectos positivos de lo que llamamos universalizaci\u00f3n: el que no haya fronteras, el que podamos compartir la informaci\u00f3n, la tecnolog\u00eda, los avances en salud. Ojal\u00e1 generemos la construcci\u00f3n de una cultura universal, con los aportes de cada pueblo; eso es lo que me gustar\u00eda.<\/p>\n<h3><strong>\u00bfC\u00f3mo fortalecer el rol del ciudadano respecto a la actuaci\u00f3n de las empresas y su compromiso social?<\/strong><\/h3>\n<p>Yo creo que hay que comenzar por tener esa visi\u00f3n integral por parte de cada persona. Claro que eso cuesta. Vivimos en una sociedad donde cada uno se mira el ombligo, inclusive aquellos que quieren cambiar las cosas, que quieren aportar; nos falta esa visi\u00f3n integradora. Yo creo que un ciudadano del siglo XXI deber\u00eda considerar las pasadas experiencias, deber\u00eda escoger las noticias que lee. La informaci\u00f3n deber servir para tener la visi\u00f3n integral. No es f\u00e1cil, pero hay que hacerlo.<\/p>\n<h3><strong>\u00bfVes alguna diferencia entre los j\u00f3venes idealistas de la d\u00e9cada de los 70 y los j\u00f3venes del movimiento \u201cantiglobalizaci\u00f3n\u201d?<\/strong><\/h3>\n<p>Quiz\u00e1s habr\u00eda que preguntarles a ellos. Yo creo que eran otros tiempos, otro estilo de vida. Me parece que en esa \u00e9poca la gente era m\u00e1s desprendida; ahora se miran mucho a s\u00ed mismos, incluyendo a aquellos que quieren hacer algo, quiz\u00e1s ahora son m\u00e1s materialistas. Y no utilizo el materialismo como una expresi\u00f3n peyorativa, sino como la actitud de conseguir cosas, de conquistar algo. Nosotros no sab\u00edamos lo que iba a ocurrir, ni siquiera con nuestras vidas. Ahora se valora la estabilidad, el dinero, los sueldos. Adem\u00e1s creo que ten\u00edamos otro modelo ideol\u00f3gico. Ahora se habla de cosas que no se quieren, pero lo que se quiere est\u00e1 a\u00fan por construir. Son etapas y contextos muy distintos tambi\u00e9n.<\/p>\n<h3><strong>\u00bfC\u00f3mo definir\u00edas la Responsabilidad Social, desde tu experiencia?<\/strong><\/h3>\n<p>Para m\u00ed es el complemento a nuestra visi\u00f3n y responsabilidad personal. Es lograr compartir objetivos y distribuir responsabilidades, o m\u00e1s bien corresponsabilidades. Me gusta m\u00e1s la palabra corresponsabilidad. Partir de objetivos comunes, de beneficios comunes; sin ning\u00fan temor de decirlo. Cuando hay una Responsabilidad Social es porque existe algo que todos queremos. Ahora, al ser todos responsables, todos deber\u00edamos compartir los beneficios. En este contexto, nosotros como personas individuales, las ONG, la empresa privada, el sector p\u00fablico\u2026 deber\u00edamos trabajar juntos.<\/p>\n<\/div>\n<\/div>\n<\/div><\/div><\/div><\/div><\/div>","protected":false},"excerpt":{"rendered":"<p>Entrevista a Michel Azcueta\u00a0 Extracto de la entrevista realizada por Rogelio Or\u00e9 a Michel Azcueta, incluida en el libro: LA REVOLUCI\u00d3N SILENCIOSA. Proyectos y personas que forjan la responsabilidad social. &hellip; <\/p>\n","protected":false},"author":2,"featured_media":672,"comment_status":"open","ping_status":"closed","sticky":false,"template":"","format":"standard","meta":{"_bbp_topic_count":0,"_bbp_reply_count":0,"_bbp_total_topic_count":0,"_bbp_total_reply_count":0,"_bbp_voice_count":0,"_bbp_anonymous_reply_count":0,"_bbp_topic_count_hidden":0,"_bbp_reply_count_hidden":0,"_bbp_forum_subforum_count":0,"spay_email":"","_links_to":"","_links_to_target":""},"categories":[38,37],"tags":[],"jetpack_featured_media_url":"https:\/\/www.riehlatinoamerica.org\/wp-content\/uploads\/2020\/04\/Michel-Azcueta-.jpg","_links":{"self":[{"href":"https:\/\/www.riehlatinoamerica.org\/index.php\/wp-json\/wp\/v2\/posts\/671"}],"collection":[{"href":"https:\/\/www.riehlatinoamerica.org\/index.php\/wp-json\/wp\/v2\/posts"}],"about":[{"href":"https:\/\/www.riehlatinoamerica.org\/index.php\/wp-json\/wp\/v2\/types\/post"}],"author":[{"embeddable":true,"href":"https:\/\/www.riehlatinoamerica.org\/index.php\/wp-json\/wp\/v2\/users\/2"}],"replies":[{"embeddable":true,"href":"https:\/\/www.riehlatinoamerica.org\/index.php\/wp-json\/wp\/v2\/comments?post=671"}],"version-history":[{"count":1,"href":"https:\/\/www.riehlatinoamerica.org\/index.php\/wp-json\/wp\/v2\/posts\/671\/revisions"}],"predecessor-version":[{"id":673,"href":"https:\/\/www.riehlatinoamerica.org\/index.php\/wp-json\/wp\/v2\/posts\/671\/revisions\/673"}],"wp:featuredmedia":[{"embeddable":true,"href":"https:\/\/www.riehlatinoamerica.org\/index.php\/wp-json\/wp\/v2\/media\/672"}],"wp:attachment":[{"href":"https:\/\/www.riehlatinoamerica.org\/index.php\/wp-json\/wp\/v2\/media?parent=671"}],"wp:term":[{"taxonomy":"category","embeddable":true,"href":"https:\/\/www.riehlatinoamerica.org\/index.php\/wp-json\/wp\/v2\/categories?post=671"},{"taxonomy":"post_tag","embeddable":true,"href":"https:\/\/www.riehlatinoamerica.org\/index.php\/wp-json\/wp\/v2\/tags?post=671"}],"curies":[{"name":"wp","href":"https:\/\/api.w.org\/{rel}","templated":true}]}}