{"id":676,"date":"2020-04-27T11:32:48","date_gmt":"2020-04-27T14:32:48","guid":{"rendered":"http:\/\/190.64.148.139\/rieh\/?p=676"},"modified":"2020-10-27T19:36:45","modified_gmt":"2020-10-27T22:36:45","slug":"foro-de-economia-social-y-solidaria-e-innovacion-social","status":"publish","type":"post","link":"https:\/\/www.riehlatinoamerica.org\/index.php\/2020\/04\/27\/foro-de-economia-social-y-solidaria-e-innovacion-social\/","title":{"rendered":"Foro de &#8221; Econom\u00eda Social y Solidaria e Innovaci\u00f3n Social&#8221;"},"content":{"rendered":"<div id=\"pl-676\"  class=\"panel-layout\" ><div id=\"pg-676-0\"  class=\"panel-grid panel-no-style\" ><div id=\"pgc-676-0-0\"  class=\"panel-grid-cell\" ><div id=\"panel-676-0-0-0\" class=\"so-panel widget widget_sow-editor panel-first-child panel-last-child\" data-index=\"0\" ><div\n\t\t\t\n\t\t\tclass=\"so-widget-sow-editor so-widget-sow-editor-base\"\n\t\t\t\n\t\t>\n<div class=\"siteorigin-widget-tinymce textwidget\">\n\t<div class=\"texte_small\">\n<div class=\"bloc_titre test\">\n<h2><strong>\"\u00bfDe qu\u00e9 manera la econom\u00eda social y solidaria y las herramientas de innovaci\u00f3n social est\u00e1n al servicio de los territorios y las respuestas a los desaf\u00edos sociales? \"<\/strong><\/h2>\n<p><span style=\"font-size: 16px;\">Michel Tissier, Secretario Ejecutivo de la RIEH, particip\u00f3 en el Foro de Econom\u00eda Social e Innovaci\u00f3n Social celebrado en Niort, Francia, del 6 al 8 de noviembre de 2019.<\/span><\/p>\n<\/div>\n<\/div>\n<div class=\"htmlarea_content\">\n<p>En esa ocasi\u00f3n se encontr\u00f3 con \u00a0Laurence Kwark, quien ha participado personalmente durante muchos a\u00f1os en la\u00a0RIEH y es Secretaria General del Foro Global para la Econom\u00eda Social, en ingl\u00e9s Global Social Economy Forum (GSEF).<\/p>\n<p>Aqu\u00ed informa sobre lo trabajado en este foro.<\/p>\n<p>Este Foro es la quinta edici\u00f3n de un evento que re\u00fane cada dos a\u00f1os a los diferentes actores de la Econom\u00eda Social y Solidaria en Francia. Tiene una dimensi\u00f3n internacional con la participaci\u00f3n de GSEF, as\u00ed como la presencia de delegaciones de Quebec, Corea del Sur, Italia, T\u00fanez, Burkina Faso.<\/p>\n<p>Su objetivo principal es permitir intercambios y redes y dar visibilidad al ESS.<\/p>\n<p>En 2019, eligi\u00f3 el siguiente tema general:<\/p>\n<p><em>\"\u00bfDe qu\u00e9 manera la econom\u00eda social y solidaria y las herramientas de innovaci\u00f3n social est\u00e1n al servicio de los territorios y las respuestas a los desaf\u00edos sociales? \"<\/em><\/p>\n<h2>Con la declaraci\u00f3n de apertura:<\/h2>\n<p><em>\"La aspiraci\u00f3n a una sociedad m\u00e1s igualitaria y justa, a una sociedad m\u00e1s participativa donde todos puedan actuar, a una sociedad que est\u00e1 en\u00e9rgicamente frente al desaf\u00edo ecol\u00f3gico, se est\u00e1 afirmando cada vez m\u00e1s. Frente a estos grandes desaf\u00edos, el ESS y la innovaci\u00f3n social son opciones reales y relevantes. Muestran diferentes modelos de desarrollo social y econ\u00f3mico y experimentan con formas creativas y colaborativas para trabajar juntos \".<\/em><\/p>\n<p>La atenci\u00f3n se centr\u00f3 principalmente en cinco temas:<\/p>\n<p>la transici\u00f3n ecol\u00f3gica,<\/p>\n<p>la transici\u00f3n digital,<\/p>\n<p>la cooperaci\u00f3n territorial para otra econom\u00eda,<\/p>\n<p>la econom\u00eda de las personas mayores,<\/p>\n<p>la igualdad mujeres \/ hombres.<\/p>\n<p>Este foro atestigua la vitalidad de la ESS en Francia, con varios cientos de participantes, una gran mayor\u00eda de j\u00f3venes, m\u00e9todos participativos y creativos tanto en la preparaci\u00f3n del evento como en su animaci\u00f3n (mesa redonda inversa basada en el preguntas desde la sala, uso de herramientas digitales para recopilar en tiempo real las opiniones o preguntas de los participantes, m\u00e9todos de elaboraci\u00f3n colectiva).<\/p>\n<p>La visibilidad en la ciudad de Niort tambi\u00e9n se garantiz\u00f3 mediante el establecimiento de grandes carpas en la plaza principal de la ciudad y el uso de varios edificios en el centro de la ciudad.<\/p>\n<p>Aqu\u00ed hay algunas ideas que este foro inspira al secretario ejecutivo de la RIEH.<\/p>\n<h3>Innovaci\u00f3n social<\/h3>\n<p>El t\u00e9rmino Econom\u00eda Social y Solidaria se agrega al de Innovaci\u00f3n Social. Este es el caso del foro, en cuanto al t\u00edtulo del puesto de Alto Comisionado creado en el actual gobierno franc\u00e9s.<\/p>\n<p>Entendemos la intenci\u00f3n: mostrar que el ESS es un factor de dinamismo en la sociedad.<\/p>\n<p>Pero todav\u00eda nos preguntamos ...<\/p>\n<p>La innovaci\u00f3n social es multifac\u00e9tica: el uso generalizado del tel\u00e9fono inteligente es una importante innovaci\u00f3n social, tambi\u00e9n el matrimonio homosexual.<\/p>\n<p>En la historia de Francia, la introducci\u00f3n de vacaciones pagadas en 1936 y la Seguridad Social en 1945 tambi\u00e9n.<\/p>\n<p>\u00bfC\u00f3mo puede un foro o ministerio abrazar tal objeto?<\/p>\n<p>Adem\u00e1s, \u00bflas innovaciones sociales son siempre un progreso?<\/p>\n<p>Podemos hacer la pregunta para Airbnb o Uber.<\/p>\n<h2>Los dos per\u00edmetros de la ESS<\/h2>\n<p>\u00bfDe qu\u00e9 estamos hablando cuando hablamos de ESS?<\/p>\n<p>Hay un primer significado al que se hace referencia con frecuencia en dicho foro: es un sector de la econom\u00eda. Este es particularmente el caso cuando damos un porcentaje del PIB generado por el ESS, varias compa\u00f1\u00edas, una cantidad de empleados. Entonces nos interesa el estado legal, las reglas aplicables en t\u00e9rminos de impuestos, el tipo de apoyo esperado de las autoridades p\u00fablicas.<\/p>\n<p>Tambi\u00e9n hay una definici\u00f3n mucho m\u00e1s amplia, a la que tambi\u00e9n se hace referencia en dicho foro: estas son todas las acciones que la sociedad civil lleva a cabo para satisfacer las necesidades colectivas de sus miembros.<\/p>\n<p>El \u00e9nfasis no est\u00e1 en el estado, sino en los valores.<\/p>\n<p>En el campo econ\u00f3mico como tal, todas las empresas y organizaciones que buscan no generar ganancias por competencia sino satisfacer las necesidades sociales a trav\u00e9s de la cooperaci\u00f3n est\u00e1n preocupadas.<\/p>\n<p>Desde su punto de vista, uno puede considerar que hay una fuente de confusi\u00f3n o una tensi\u00f3n din\u00e1mica.<\/p>\n<h2>ESS y Objetivos de Desarrollo Sostenible<\/h2>\n<p>Varios talleres y la mesa redonda de clausura se dedicaron a los ODS (Objetivos de Desarrollo Sostenible). Recuerde que estos 17 objetivos han sido adoptados por la ONU para todos los pa\u00edses, independientemente de su nivel de desarrollo. Ver https:\/\/www.un.org\/sustainabledevelopment\/en\/sustainable-development-objectives.<\/p>\n<p>El inter\u00e9s de estos ODS es doble.<\/p>\n<p>Cubren un campo muy amplio, mucho m\u00e1s all\u00e1 del crecimiento econ\u00f3mico solo, teniendo en cuenta de manera coherente la diversidad de necesidades y derechos humanos. Adem\u00e1s, constituyen una referencia mundial, conservando la diversidad de culturas y civilizaciones.<\/p>\n<p>El Foro se centr\u00f3 en mostrar c\u00f3mo la ESS contribuye al logro de los ODS. Del mismo modo, podemos decir que la econom\u00eda humana es la forma en que la sociedad se organiza para progresar hacia los Objetivos de Desarrollo Sostenible.<\/p>\n<h2>Econom\u00eda social y solidaria y econom\u00eda humana<\/h2>\n<p>Comencemos con un comentario que aliente a nuestra Red a la humildad.<\/p>\n<p>Este evento muestra cu\u00e1nto se ha establecido la econom\u00eda social y solidaria en el panorama franc\u00e9s, europeo y global.<\/p>\n<p>Se ha creado un conjunto completo de instituciones que promueven la ESS, cabildean \/ abogan ante las autoridades p\u00fablicas para apoyar este sector, son reconocidas a trav\u00e9s de un estatus legal o un pol\u00edtica p\u00fablica, generan\u00a0investigaci\u00f3n acad\u00e9mica. Eventos como espect\u00e1culos, foros, reuniones son m\u00faltiples. Nada como eso para la econom\u00eda humana.<\/p>\n<p>Una de las formas de cerrar esta brecha es\u00a0<strong>considerar que m\u00e1s all\u00e1 de las palabras, todo esto es parte del mismo movimiento: que las personas y organizaciones que se refieren a una u otra de las expresiones tienen los mismos valores, la misma visi\u00f3n de la sociedad, la misma estrategia de transformaci\u00f3n del mundo, de lo local a lo global<\/strong>. Es, me parece la posici\u00f3n de Laurence Kwark, quien cree que uno debe ser pragm\u00e1tico y evitar disputas por las palabras.<\/p>\n<p>Por mi parte, y estoy hablando aqu\u00ed a t\u00edtulo personal, creo que, si bien reconozco las convergencias y los solapamientos, deben hacerse distinciones que eviten la confusi\u00f3n.<\/p>\n<p>El ESS debe mantener su sentido de ser un conjunto de empresas cuyo prop\u00f3sito no es el lucro sino la respuesta a las necesidades sociales. Estas empresas deben ser viables y sostenibles en los diversos entornos legales donde existen. Producen bienes y servicios, tienen una cuenta operativa, emplean personas. Utiliza la palabra econom\u00eda en el sentido habitual de la palabra.<\/p>\n<p><strong>La econom\u00eda humana se inscribe en\u00a0otra l\u00f3gica: es, sobre todo, un proyecto de sociedad en el que todos somos actores del cambio, unidos por lo que nos reune para responder al bien com\u00fan. C\u00f3mo la sociedad, en sus diferentes niveles: local, regional, nacional, continental, global, se organiza para satisfacer las necesidades de sus miembros. El t\u00e9rmino econom\u00eda se usa en un sentido inusual, el de organizaci\u00f3n de la casa com\u00fan.<\/strong><\/p>\n<p><strong>En este sentido, la econom\u00eda humana abarca la econom\u00eda social y solidaria, pero no se reduce a ella.<\/strong><\/p>\n<p><strong>Uno de los debates del foro se centr\u00f3 en la pregunta recurrente:\u00a0<em>\"\u00bfC\u00f3mo puede la econom\u00eda social y solidaria convertirse en la norma de la econom\u00eda internacional, c\u00f3mo puede cambiar de escala?\"<\/em><\/strong><\/p>\n<p><strong>No creo que sea al extender sus caracter\u00edsticas legales y estatutarias a toda la econom\u00eda.<\/strong><\/p>\n<p><strong>Es m\u00e1s bien\u00a0teniendo en cuenta que este sector en particular, que seguir\u00e1 siendo limitado, es portador junto con\u00a0otros\u00a0de un proyecto m\u00e1s grande que lleva el nombre de econom\u00eda humana.<\/strong><\/p>\n<p><strong>Esta es una posici\u00f3n que no dejar\u00e1 de provocar debates. Bueno, \u00a1tengamos estos debates!<\/strong><\/p>\n<\/div>\n<\/div>\n<\/div><\/div><\/div><\/div><\/div>","protected":false},"excerpt":{"rendered":"<p>&#8220;\u00bfDe qu\u00e9 manera la econom\u00eda social y solidaria y las herramientas de innovaci\u00f3n social est\u00e1n al servicio de los territorios y las respuestas a los desaf\u00edos sociales? &#8221; Michel Tissier, &hellip; <\/p>\n","protected":false},"author":2,"featured_media":677,"comment_status":"open","ping_status":"closed","sticky":false,"template":"","format":"standard","meta":{"_bbp_topic_count":0,"_bbp_reply_count":0,"_bbp_total_topic_count":0,"_bbp_total_reply_count":0,"_bbp_voice_count":0,"_bbp_anonymous_reply_count":0,"_bbp_topic_count_hidden":0,"_bbp_reply_count_hidden":0,"_bbp_forum_subforum_count":0,"spay_email":"","_links_to":"","_links_to_target":""},"categories":[37,45,39],"tags":[],"jetpack_featured_media_url":"https:\/\/www.riehlatinoamerica.org\/wp-content\/uploads\/2020\/04\/Forum.jpg","_links":{"self":[{"href":"https:\/\/www.riehlatinoamerica.org\/index.php\/wp-json\/wp\/v2\/posts\/676"}],"collection":[{"href":"https:\/\/www.riehlatinoamerica.org\/index.php\/wp-json\/wp\/v2\/posts"}],"about":[{"href":"https:\/\/www.riehlatinoamerica.org\/index.php\/wp-json\/wp\/v2\/types\/post"}],"author":[{"embeddable":true,"href":"https:\/\/www.riehlatinoamerica.org\/index.php\/wp-json\/wp\/v2\/users\/2"}],"replies":[{"embeddable":true,"href":"https:\/\/www.riehlatinoamerica.org\/index.php\/wp-json\/wp\/v2\/comments?post=676"}],"version-history":[{"count":1,"href":"https:\/\/www.riehlatinoamerica.org\/index.php\/wp-json\/wp\/v2\/posts\/676\/revisions"}],"predecessor-version":[{"id":678,"href":"https:\/\/www.riehlatinoamerica.org\/index.php\/wp-json\/wp\/v2\/posts\/676\/revisions\/678"}],"wp:featuredmedia":[{"embeddable":true,"href":"https:\/\/www.riehlatinoamerica.org\/index.php\/wp-json\/wp\/v2\/media\/677"}],"wp:attachment":[{"href":"https:\/\/www.riehlatinoamerica.org\/index.php\/wp-json\/wp\/v2\/media?parent=676"}],"wp:term":[{"taxonomy":"category","embeddable":true,"href":"https:\/\/www.riehlatinoamerica.org\/index.php\/wp-json\/wp\/v2\/categories?post=676"},{"taxonomy":"post_tag","embeddable":true,"href":"https:\/\/www.riehlatinoamerica.org\/index.php\/wp-json\/wp\/v2\/tags?post=676"}],"curies":[{"name":"wp","href":"https:\/\/api.w.org\/{rel}","templated":true}]}}