{"id":685,"date":"2020-04-27T11:42:31","date_gmt":"2020-04-27T14:42:31","guid":{"rendered":"http:\/\/190.64.148.139\/rieh\/?p=685"},"modified":"2020-04-27T11:42:31","modified_gmt":"2020-04-27T14:42:31","slug":"los-ods-y-la-economia-humana","status":"publish","type":"post","link":"https:\/\/www.riehlatinoamerica.org\/index.php\/2020\/04\/27\/los-ods-y-la-economia-humana\/","title":{"rendered":"Los ODS y la Econom\u00eda Humana"},"content":{"rendered":"<div id=\"pl-685\"  class=\"panel-layout\" ><div id=\"pg-685-0\"  class=\"panel-grid panel-no-style\" ><div id=\"pgc-685-0-0\"  class=\"panel-grid-cell\" ><div id=\"panel-685-0-0-0\" class=\"so-panel widget widget_sow-editor panel-first-child panel-last-child\" data-index=\"0\" ><div\n\t\t\t\n\t\t\tclass=\"so-widget-sow-editor so-widget-sow-editor-base\"\n\t\t\t\n\t\t>\n<div class=\"siteorigin-widget-tinymce textwidget\">\n\t<p>Transformar nuestro mundo es el nombre de la resoluci\u00f3n aprobada por la Asamblea General de las Naciones Unidas en septiembre de 2015 que contiene la Agenda 2030 para el Desarrollo Sostenible. Esta Agenda estar\u00e1 rigiendo buena parte de las actividades para el bienestar de las personas y el cuidado del planeta hasta el a\u00f1o 2030. Es un marco conceptual de referencia para las pol\u00edticas p\u00fablicas de los pa\u00edses incidiendo especialmente en el dise\u00f1o de los programas sociales y en su financiamiento. Podemos decir tambi\u00e9n que es el mayor consenso que la humanidad ha alcanzado hasta el momento y de una u otra manera est\u00e1 influyendo en las maneras de concebir y organizar \u201cel cuidado de la casa com\u00fan\u201d como dice Francisco en su carta Laudato Si.<\/p>\n<p>Aunque el documento de las Naciones Unidas no lo indique expresamente es de suponer que asume la definici\u00f3n cl\u00e1sica de desarrollo sostenible o sustentable (aceptemos aqu\u00ed que son sin\u00f3nimos) entendida como la satisfacci\u00f3n de las necesidades del presente sin comprometer la capacidad de las generaciones futuras. As\u00ed fue como lo expres\u00f3 en 1987 la primera ministra noruega Gro Harlem Brundtland que presid\u00eda la Comisi\u00f3n Mundial sobre el Medio Ambiente y el Desarrollo. Dicha definici\u00f3n a su vez fue asumida y ampliamente difundida a partir de la Cumbre sobre la Tierra, organizada por las Naciones Unidas en R\u00edo de Janeiro en 1992.<\/p>\n<p>La nueva Agenda no hay que considerarla en forma aislada. Se inspira principalmente en los compromisos enunciados en Carta de las Naciones Unidas (1945), Declaraci\u00f3n Universal de Derechos Humanos (1948), Declaraci\u00f3n sobre el Derecho al Desarrollo (1986), Declaraci\u00f3n de R\u00edo sobre el Medio Ambiente (1992), Plataforma de Acci\u00f3n de Beijing sobre la Mujer (1995).<\/p>\n<p>Un antecedente inmediato de la Agenda 2030 fue la Declaraci\u00f3n del Milenio del a\u00f1o 2000 que inclu\u00eda a su vez los Objetivos de Desarrollo del Milenio (ODM) que se propon\u00edan: erradicar la pobreza, lograr la ense\u00f1anza primaria universal, promover la igualdad entre los sexos, reducir la mortalidad de los ni\u00f1os menores de cinco a\u00f1os, mejorar la salud materna, combatir el VIH\/SIDA, la malaria y otras enfermedades, garantizar la sostenibilidad del medio ambiente y fomentar una alianza mundial para el desarrollo<\/p>\n<p>Los ODM tuvieron la virtud de alcanzar un acuerdo mundial que considera al desarrollo como un derecho, centrando su atenci\u00f3n sobre los grupos tradicionalmente marginados como las minor\u00edas \u00e9tnicas, los pueblos ind\u00edgenas y las mujeres. Para 2015 se cumpli\u00f3 el primer objetivo \u2013aunque no exento de pol\u00e9micas\u2013 reduciendo las tasas mundiales de pobreza extrema y hambre a la mitad. Sin embargo, el alcance de los otros logros fue desigual.<\/p>\n<p>La Agenda 2030 se basa en los ODM y pretende completar lo que estos no lograron. La Agenda es un plan de acci\u00f3n que comprende 17 Objetivos de Desarrollo Sostenible (ODS) y entraron en vigor el 1 de enero de 2016.<\/p>\n<p>Para abordar los ODS con eficacia, se adopt\u00f3 un nuevo enfoque que les otorga un car\u00e1cter universal, integrado e indivisible, y se conjugan tres dimensiones: econ\u00f3mica, social y ambiental. O sea, para cada ODS se indican las metas relativas a los medios de implementaci\u00f3n. \u00a1\u00a1\u00a1 Las metas a alcanzar en 2030 suman 169 y los indicadores 230 \u00a1\u00a1\u00a1<\/p>\n<p>Se entra as\u00ed en un nivel de tecnicismos y complejidad que no corresponde abordar ahora. No obstante es de valorar positivamente que mediante esas metas e indicadores se definan los medios de implementaci\u00f3n y los ODS no queden en meros enunciados. Puede ser un est\u00edmulo efectivo para que los pa\u00edses desarrollen sus propios indicadores conforme a su situaci\u00f3n socio-econ\u00f3mico y cuadro normativo para poner en pr\u00e1ctica pol\u00edticas de erradicaci\u00f3n de la pobreza y promoci\u00f3n del desarrollo sostenible.<\/p>\n<p>Asimismo, se propone una Alianza Mundial (Objetivo 17) para la implementaci\u00f3n de esta nueva Agenda, aglutinando a los gobiernos, la sociedad civil, el sector privado, el sistema de las Naciones Unidas y otras instancias, y movilizando todos los recursos disponibles.<\/p>\n<p>Para ello \u2013dice el texto de las Naciones Unidas\u2013 los pa\u00edses deben contar con el respaldo de un entorno econ\u00f3mico internacional propicio que incluya sistemas comerciales, monetarios y financieros coherentes; la disponibilidad de conocimientos y tecnolog\u00edas adecuados en el plano mundial, as\u00ed como la creaci\u00f3n de capacidad propia en cada pa\u00eds.<\/p>\n<p>Los informes nacionales permitir\u00e1n evaluar los progresos y los problemas en los planos regional y mundial, y servir\u00e1n para formular recomendaciones para el seguimiento en diversos niveles.<\/p>\n<p>Ante acuerdos y declaraciones del tipo de la Agenda 2030, suelen darse reacciones que llamaremos \u201cONU-pesimistas\u201d. Son las pertenecientes a aquellos que consideran como ineficaz e irrelevante al sistema de las Naciones Unidas al igual que otros organismos semejantes, basados en una especie de hiper-hipocres\u00eda superinstitucional que esconde una injusta asimetr\u00eda internacional incapaz de superar conflictos y alcanzar soluciones sobre todo en el plano econ\u00f3mico-social.<\/p>\n<p>Entienden tambi\u00e9n a dichos organismos como un ejambre de costosos funcionarios imbuidos de una mentalidad tecnocr\u00e1tica que se retroalimentan a s\u00ed mismos en un laberinto institucional y en una fraseolog\u00eda que parece alejarlos de los intereses de los pa\u00edses miembros y de la vida cotidiana de la gente.<\/p>\n<p>En forma, semejante esta reacci\u00f3n se da respecto a los procesos de integraci\u00f3n regional, por ejemplo, en la Uni\u00f3n Europea no faltan los euroesc\u00e9pticos, y hasta los que se proponen salir de ella como el caso de Inglaterra con su famoso \u201cBrexit\u201d. Posiciones similares se dan en torno al MERCOSUR y UNASUR (Uni\u00f3n de Naciones Suramericanas) y otras iniciativas por el estilo, que ciertamente tanto cuesta consolidar.<\/p>\n<p>Hay que tener en cuenta estas observaciones. De todos modos, hay que reconocer que los ODS pese a todo expresan un consenso de la comunidad internacional que no hay que despreciar pues van creando un marco com\u00fan que va luego permeando en las pol\u00edticas nacionales y en otros actores.<\/p>\n<p>Para la perspectiva de la Econom\u00eda Humana se abre una oportunidad de participaci\u00f3n y tambi\u00e9n de aportar al enriquecimiento y mejor ejecuci\u00f3n de los ODS. La Econom\u00eda Humana desde sus or\u00edgenes ha manifestado precursoramente una concepci\u00f3n \u201cintegral y arm\u00f3nica\u201d del desarrollo que hoy vuelve a tener gran vigencia ante los que vuelven a poner en el mero crecimiento econ\u00f3mico la \u00fanica variable valiosa sin tener en cuenta los efectos sociales y ambientales. Caso paradigm\u00e1tico de \u00e9sta visi\u00f3n en estos d\u00edas ha sido la crisis desatada en Chile y otros pa\u00edses de la regi\u00f3n, donde al aparecer vuelve a comprobarse el conocido dicho popular: pa\u00eds rico, pueblo pobre.<\/p>\n<p>Respecto a los ODS, y a las otras propuestas que circulan sobre los modelos de desarrollo \u2013sin entrar ahora en la discusi\u00f3n sobre la conveniencia de esta expresi\u00f3n\u2013 la Econom\u00eda Humana tiene tambi\u00e9n la oportunidad de ofrecer otros de los componentes que hacen a su identidad y experiencia: partir de las necesidades de la gente \u2013no de programas predeterminados\u2013 y sirviendo a ellas desde una mirada interdisciplinaria buscando como \u201cpasar de condiciones menos humanas a condiciones m\u00e1s humanas\u201d.<\/p>\n<p>Eloy Mealla<\/p>\n<p>Buenos Aires, octubre 2019<\/p>\n<p>eloymealla@gmail.com<\/p>\n<p><a href=\"https:\/\/educacioneticaydesarrollo.wordpress.com\/\">Inicio<\/a><\/p>\n<\/div>\n<\/div><\/div><\/div><\/div><\/div>","protected":false},"excerpt":{"rendered":"<p>Transformar nuestro mundo es el nombre de la resoluci\u00f3n aprobada por la Asamblea General de las Naciones Unidas en septiembre de 2015 que contiene la Agenda 2030 para el Desarrollo &hellip; <\/p>\n","protected":false},"author":2,"featured_media":686,"comment_status":"open","ping_status":"closed","sticky":false,"template":"","format":"standard","meta":{"_bbp_topic_count":0,"_bbp_reply_count":0,"_bbp_total_topic_count":0,"_bbp_total_reply_count":0,"_bbp_voice_count":0,"_bbp_anonymous_reply_count":0,"_bbp_topic_count_hidden":0,"_bbp_reply_count_hidden":0,"_bbp_forum_subforum_count":0,"spay_email":"","_links_to":"","_links_to_target":""},"categories":[38,37],"tags":[],"jetpack_featured_media_url":"https:\/\/www.riehlatinoamerica.org\/wp-content\/uploads\/2020\/04\/ODS.jpg","_links":{"self":[{"href":"https:\/\/www.riehlatinoamerica.org\/index.php\/wp-json\/wp\/v2\/posts\/685"}],"collection":[{"href":"https:\/\/www.riehlatinoamerica.org\/index.php\/wp-json\/wp\/v2\/posts"}],"about":[{"href":"https:\/\/www.riehlatinoamerica.org\/index.php\/wp-json\/wp\/v2\/types\/post"}],"author":[{"embeddable":true,"href":"https:\/\/www.riehlatinoamerica.org\/index.php\/wp-json\/wp\/v2\/users\/2"}],"replies":[{"embeddable":true,"href":"https:\/\/www.riehlatinoamerica.org\/index.php\/wp-json\/wp\/v2\/comments?post=685"}],"version-history":[{"count":1,"href":"https:\/\/www.riehlatinoamerica.org\/index.php\/wp-json\/wp\/v2\/posts\/685\/revisions"}],"predecessor-version":[{"id":687,"href":"https:\/\/www.riehlatinoamerica.org\/index.php\/wp-json\/wp\/v2\/posts\/685\/revisions\/687"}],"wp:featuredmedia":[{"embeddable":true,"href":"https:\/\/www.riehlatinoamerica.org\/index.php\/wp-json\/wp\/v2\/media\/686"}],"wp:attachment":[{"href":"https:\/\/www.riehlatinoamerica.org\/index.php\/wp-json\/wp\/v2\/media?parent=685"}],"wp:term":[{"taxonomy":"category","embeddable":true,"href":"https:\/\/www.riehlatinoamerica.org\/index.php\/wp-json\/wp\/v2\/categories?post=685"},{"taxonomy":"post_tag","embeddable":true,"href":"https:\/\/www.riehlatinoamerica.org\/index.php\/wp-json\/wp\/v2\/tags?post=685"}],"curies":[{"name":"wp","href":"https:\/\/api.w.org\/{rel}","templated":true}]}}