{"id":698,"date":"2020-04-27T12:07:57","date_gmt":"2020-04-27T15:07:57","guid":{"rendered":"http:\/\/190.64.148.139\/rieh\/?p=698"},"modified":"2020-04-30T17:38:12","modified_gmt":"2020-04-30T20:38:12","slug":"el-poco-discreto-encanto-de-la-burguesia-reflexiones-sobre-las-campanas-publicitarias-contra-la-epidemia","status":"publish","type":"post","link":"https:\/\/www.riehlatinoamerica.org\/index.php\/2020\/04\/27\/el-poco-discreto-encanto-de-la-burguesia-reflexiones-sobre-las-campanas-publicitarias-contra-la-epidemia\/","title":{"rendered":"El (POCO) discreto encanto de la burgues\u00eda Reflexiones sobre las campa\u00f1as publicitarias contra la epidemia"},"content":{"rendered":"<div id=\"pl-698\"  class=\"panel-layout\" ><div id=\"pg-698-0\"  class=\"panel-grid panel-no-style\" ><div id=\"pgc-698-0-0\"  class=\"panel-grid-cell\" ><div id=\"panel-698-0-0-0\" class=\"so-panel widget widget_sow-editor panel-first-child panel-last-child\" data-index=\"0\" ><div\n\t\t\t\n\t\t\tclass=\"so-widget-sow-editor so-widget-sow-editor-base\"\n\t\t\t\n\t\t>\n<div class=\"siteorigin-widget-tinymce textwidget\">\n\t<h3>Michel Azcueta<\/h3>\n<p>En unos meses cumplir\u00e9 50 a\u00f1os viviendo y trabajando en Villa El Salvador, desde su fundaci\u00f3n en esteras hasta la construcci\u00f3n de las torres de la Villa Panamericana y, como soy profesor, trabajo tambi\u00e9n en Villa El Salvador, y, en tantos a\u00f1os, desde Villa El Salvador he tenido decenas de oportunidades de conocer la vida en la sierra y en la Amazon\u00eda, por lo que, sin ning\u00fan tipo de sobradez, creo conocer el modo de vida de los sectores populares, las relaciones intrafamiliares y parte de sus gustos personales. Escribo estas l\u00edneas desde esa perspectiva sin ning\u00fan \u00e1nimo de juzgar nada ni a nadie, aunque s\u00ed intentando compartir con otros esta reflexi\u00f3n sobre las campa\u00f1as informativas, pensando \u00fanicamente en la necesaria victoria contra el virus.<\/p>\n<p>Llevamos ya mas de cuatro semanas padeciendo la epidemia del ya famoso coronavirus\u2026las actividades diarias, las conversaciones, las noticias, las im\u00e1genes de calles y personas, los cuadros estad\u00edsticos son pr\u00e1cticamente iguales en los medios de comunicaci\u00f3n de los diferentes pa\u00edses del mundo, y lo vemos y entendemos a pesar de la lengua que escuchamos. En algo nos estamos pareciendo todos. En el Per\u00fa no nos escapamos de ello.<\/p>\n<p>Pero, me parece, que aunque todo sea igual ni los emisores y productores de esos mensajes ni, l\u00f3gico, los receptores y no creadores de ellos tampoco son iguales. Una tragedia que corre paralela a la epidemia o, mejor dicho, se adelant\u00f3 siglos a ella. Veamos algunos ejemplos de estas semanas en el Per\u00fa, mensajes que todos conocemos.<\/p>\n<p><strong>1. el primero, el m\u00e1s emitido a todas horas: \u201clav\u00e9monos las manos frecuentemente todo el d\u00eda m\u00ednimo 30 segundos\u201d,\u00a0<\/strong>en un pa\u00eds donde menos del 50 % de los hogares tienen conexi\u00f3n domiciliaria\u2026!!! \u00bfCu\u00e1ntos tienen toallas grandes, limpias, separadas para cada miembro de la familia?<\/p>\n<p><strong>2. \u201c\u00a1Al llegar a casa dejen los zapatos a un costado, metan la ropa que han usado a la lavadora a 60 grados y c\u00e1mbiense\u201d<\/strong> como para no creer!!!! \u00bfCu\u00e1ntos peruanos y peruanas tienen listos dos o tres pares de zapatos? cu\u00e1ntos tienen \"\u00bfUN COSTADO\u201d, un lugar diferente a la entrada de la casa? \u00bfCu\u00e1ntos cuentan, a nivel nacional con una lavadora o, peor a\u00fan, con luz el\u00e9ctrica?<\/p>\n<p><strong>3. \u201cQue salga a hacer compras una persona por familia?<\/strong> \u00a1Por Dios\u2026!!! \u00bfDe qu\u00e9 familias hablan? \u00bfNo conocen el Per\u00fa? \u00bfNo saben del trabajo inmenso diario de las madres que lo tienen que hacer todo a la vez y que no tienen \u201cotra persona\u201d que salga dejando a los ni\u00f1os solos? \u00bfNo saben las horas a las que llegan la mayor\u00eda de los hombres, esposos o no, a sus casas? \u00bfDesconocen la entra\u00f1able, \u00fatil, pero peligrosa labor que cumplen muchos ni\u00f1os adolescentes en los hogares populares?<\/p>\n<p><strong>4. \u201c\u00bfGuardemos un metro y medio o dos metros de distancia en las colas\u201d<\/strong> Muy buena recomendaci\u00f3n\u2026pero sin que se calculara que los que iban a recibir los 380 soles de subsidio los necesitan de verdad, se amanecieron, salieron antes de las 5 de la ma\u00f1ana, se peleaban por los puestos y, en una buena rectificaci\u00f3n posterior, \u00bfno sab\u00edan que hay hogares donde solo hay mujeres con ni\u00f1os y tuvieron que romper la norma para matar el hambre?<\/p>\n<p><strong>5. \u201cComo todos los a\u00f1os jueves santo y viernes santo son feriados, declaramos inamovilidad absoluta hasta el domingo inclusive\u201d \u2026<\/strong>qu\u00e9 locura\u2026pero si en feriado es cuando m\u00e1s camina la gente fuera de casa.!! \u00bfQu\u00e9 porcentaje de familias peruanas en los barrios, en los pueblos de la sierra y de la selva lo hacen? Es cierto que hay que permanecer en casa, pero el mensaje dado se entendi\u00f3 mal y result\u00f3 mal\u2026.<\/p>\n<p><strong>6.\u201d Con la teleeducaci\u00f3n la mayor\u00eda de estudiantes de todos los ciclos, nuestros ni\u00f1os y j\u00f3venes no perder\u00e1n clases\u201d<\/strong>. Para qu\u00e9 comentar este gran objetivo cuando uno piensa en las zonas rurales, en los poblados amaz\u00f3nicos, en los cerros apartados de las ciudades. Muy buena intenci\u00f3n y seguramente un nivel de \u00e9xito pero\u2026.por favor, en qu\u00e9 porcentaje? \u00bfEn qu\u00e9 ciudades del Per\u00fa?<\/p>\n<p>Podr\u00edamos seguir analizando m\u00e1s mensajes diarios: hacer llamadas urgentes a tal o cual n\u00famero (que casi siempre te dejan colgado m\u00e1s de 15 minutos), asegurar que no suben los precios de los alimentos, dar mensajes en horas que s\u00f3lo una minor\u00eda de familias populares ve TV ya que est\u00e1n viendo sus telenovelas o cocinando o chateando, propagandizar la teleeducaci\u00f3n sin contar con los maestros a nivel nacional, etc. etc.<\/p>\n<p>Me preocupa que, m\u00e1s all\u00e1 del gran esfuerzo del equipo de gobierno del Presidente Vizcarra en la lucha contra el coronavirus, no se est\u00e9 llegando realmente a la gran mayor\u00eda de la poblaci\u00f3n del Per\u00fa. Que se llega a un porcentaje, ni siquiera a la totalidad, en mi opini\u00f3n, de la poblaci\u00f3n urbana nacional. Que los encargados de imagen y de comunicaci\u00f3n, con todo respeto lo digo, quiz\u00e1s no conocen las costumbres de los sectores populares o no las han estudiado bien y se est\u00e1n conformando con lo de siempre, con lo que desde sus inicios transmiten de manera constante y permanente los medios de comunicaci\u00f3n. Se llega a una minor\u00eda como acabo de leer en la revista SOMOS de El Comercio (11 de abril) esta frase inocente, encantadora, discreta: \u201cYa nos dimos cuenta de que podemos vivir sin lujo, sin carros, sin ropa de marca, sin colecci\u00f3n de carteras\u2026\u201d escrito tan naturalmente, hasta seguramente con la mejor de las intenciones, pero\u2026una vez m\u00e1s desde las experiencias de las minor\u00edas que tambi\u00e9n forman parte del Per\u00fa. Pienso que las medidas de aislamiento social y dem\u00e1s normas deben ser diferenciadas tanto para el campo como para la ciudad, y que el equipo del Presidente Vizcarra estudie las mejores formas de relacionarse y el modo de producci\u00f3n en las zonas rurales.<\/p>\n<p>La epidemia existe y hay que combatirla con todos los m\u00e9todos cient\u00edficos, m\u00e9dicos, econ\u00f3micos, sociales, policiales y militares cuando es necesario, pero, en mi opini\u00f3n, sin la comprensi\u00f3n del problema por parte de las mayor\u00edas y sin su participaci\u00f3n organizada nos vamos a demorar much\u00edsimo m\u00e1s en derrotarla. Pienso, especialmente, en las zonas rurales y amaz\u00f3nicas y sectores populares urbanos. As\u00ed lo hizo el pueblo y la comunidad de Villa El Salvador derrotando al c\u00f3lera los primeros en todo el territorio nacional: con organizaci\u00f3n, unidad, solidaridad, liderazgo y disciplina. Es cierto que estamos en otra \u00e9poca y que el coronavirus no es el c\u00f3lera, pero estoy convencido que esos valores no son s\u00f3lo v\u00e1lidos sino absolutamente necesarios en este momento en el Per\u00fa. Los peruanos y peruanas lo podemos lograr.<\/p>\n<\/div>\n<\/div><\/div><\/div><\/div><\/div>","protected":false},"excerpt":{"rendered":"<p>Michel Azcueta En unos meses cumplir\u00e9 50 a\u00f1os viviendo y trabajando en Villa El Salvador, desde su fundaci\u00f3n en esteras hasta la construcci\u00f3n de las torres de la Villa Panamericana &hellip; <\/p>\n","protected":false},"author":2,"featured_media":759,"comment_status":"open","ping_status":"closed","sticky":false,"template":"","format":"standard","meta":{"_bbp_topic_count":0,"_bbp_reply_count":0,"_bbp_total_topic_count":0,"_bbp_total_reply_count":0,"_bbp_voice_count":0,"_bbp_anonymous_reply_count":0,"_bbp_topic_count_hidden":0,"_bbp_reply_count_hidden":0,"_bbp_forum_subforum_count":0,"spay_email":"","_links_to":"","_links_to_target":""},"categories":[38,37],"tags":[],"jetpack_featured_media_url":"https:\/\/www.riehlatinoamerica.org\/wp-content\/uploads\/2020\/04\/Tapaboca.gif","_links":{"self":[{"href":"https:\/\/www.riehlatinoamerica.org\/index.php\/wp-json\/wp\/v2\/posts\/698"}],"collection":[{"href":"https:\/\/www.riehlatinoamerica.org\/index.php\/wp-json\/wp\/v2\/posts"}],"about":[{"href":"https:\/\/www.riehlatinoamerica.org\/index.php\/wp-json\/wp\/v2\/types\/post"}],"author":[{"embeddable":true,"href":"https:\/\/www.riehlatinoamerica.org\/index.php\/wp-json\/wp\/v2\/users\/2"}],"replies":[{"embeddable":true,"href":"https:\/\/www.riehlatinoamerica.org\/index.php\/wp-json\/wp\/v2\/comments?post=698"}],"version-history":[{"count":1,"href":"https:\/\/www.riehlatinoamerica.org\/index.php\/wp-json\/wp\/v2\/posts\/698\/revisions"}],"predecessor-version":[{"id":700,"href":"https:\/\/www.riehlatinoamerica.org\/index.php\/wp-json\/wp\/v2\/posts\/698\/revisions\/700"}],"wp:featuredmedia":[{"embeddable":true,"href":"https:\/\/www.riehlatinoamerica.org\/index.php\/wp-json\/wp\/v2\/media\/759"}],"wp:attachment":[{"href":"https:\/\/www.riehlatinoamerica.org\/index.php\/wp-json\/wp\/v2\/media?parent=698"}],"wp:term":[{"taxonomy":"category","embeddable":true,"href":"https:\/\/www.riehlatinoamerica.org\/index.php\/wp-json\/wp\/v2\/categories?post=698"},{"taxonomy":"post_tag","embeddable":true,"href":"https:\/\/www.riehlatinoamerica.org\/index.php\/wp-json\/wp\/v2\/tags?post=698"}],"curies":[{"name":"wp","href":"https:\/\/api.w.org\/{rel}","templated":true}]}}